{"id":935,"date":"2012-08-14T15:06:09","date_gmt":"2012-08-14T15:06:09","guid":{"rendered":"https:\/\/yenirehberlik.com\/?p=935"},"modified":"2012-08-14T15:06:09","modified_gmt":"2012-08-14T15:06:09","slug":"2012-kpss-ortaogretimonlisans-sinavi-ne-zaman-yapilacak","status":"publish","type":"post","link":"https:\/\/yenirehberlik.com\/arsiv\/2012-kpss-ortaogretimonlisans-sinavi-ne-zaman-yapilacak.html","title":{"rendered":"2012-KPSS Orta\u00f6\u011fretim\/\u00d6nlisans s\u0131nav\u0131 ne zaman yap\u0131lacak?"},"content":{"rendered":"<p>&nbsp;<\/p>\n<p><a href=\"https:\/\/yenirehberlik.com\/wp-content\/uploads\/2012\/05\/osym.jpg\"><img loading=\"lazy\" decoding=\"async\" class=\" wp-image-135 alignleft\" title=\"osym\" src=\"https:\/\/yenirehberlik.com\/wp-content\/uploads\/2012\/05\/osym.jpg\" alt=\"\" width=\"150\" height=\"150\" \/><\/a><\/p>\n<p><span style=\"color: #000000;\">\u00f6sym <a><span style=\"color: #000000;\">2012-KPSS Orta\u00f6\u011fretim\/\u00d6nlisans s\u0131nav tarihinde de\u011fi\u015fiklik yapt\u0131. Buna g\u00f6re daha \u00f6nce orta \u00f6\u011fretim s\u0131nav\u0131 pazar sabah, \u00f6nlisans s\u0131nav\u0131 ise pazar \u00f6\u011fleden sonra olarak ilan edilmi\u015fti. Ancak 14.08.2012 tarihinde yap\u0131lan de\u011fi\u015fiklik ile<!--more--> \u00f6nlisans\u00a0<\/span><\/a><\/span>d\u00fczeyinde<strong>\u00a022 Eyl\u00fcl 2012<\/strong>\u00a0tarihinde\u00a0<strong>Cumartesi sabah<\/strong>, orta\u00f6\u011fretim d\u00fczeyinde ise<strong>\u00a023 Eyl\u00fcl 2012<\/strong>\u00a0tarihinde\u00a0<strong>Pazar sabah<\/strong>\u00a0olmak \u00fczere iki oturumda yap\u0131lacakt\u0131r.<\/p>\n","protected":false},"excerpt":{"rendered":"<p>&nbsp; \u00f6sym 2012-KPSS Orta\u00f6\u011fretim\/\u00d6nlisans s\u0131nav tarihinde de\u011fi\u015fiklik yapt\u0131. Buna g\u00f6re daha \u00f6nce orta \u00f6\u011fretim s\u0131nav\u0131 pazar sabah, \u00f6nlisans s\u0131nav\u0131 ise pazar \u00f6\u011fleden sonra olarak ilan edilmi\u015fti. Ancak 14.08.2012 tarihinde yap\u0131lan de\u011fi\u015fiklik ile<\/p>\n","protected":false},"author":1,"featured_media":135,"comment_status":"open","ping_status":"open","sticky":false,"template":"","format":"standard","meta":{"footnotes":""},"categories":[1],"tags":[182,184,185],"class_list":["post-935","post","type-post","status-publish","format-standard","has-post-thumbnail","hentry","category-genel","tag-onlisans-kpss","tag-ortaogretim-kpss","tag-osym"],"yoast_head":"<!-- This site is optimized with the Yoast SEO plugin v27.4 - https:\/\/yoast.com\/product\/yoast-seo-wordpress\/ -->\n<title>2012-KPSS Orta\u00f6\u011fretim\/\u00d6nlisans s\u0131nav\u0131 ne zaman yap\u0131lacak? -<\/title>\n<meta name=\"robots\" content=\"index, follow, max-snippet:-1, max-image-preview:large, max-video-preview:-1\" \/>\n<link rel=\"canonical\" href=\"https:\/\/yenirehberlik.com\/arsiv\/2012-kpss-ortaogretimonlisans-sinavi-ne-zaman-yapilacak.html\" \/>\n<meta property=\"og:locale\" content=\"tr_TR\" \/>\n<meta property=\"og:type\" content=\"article\" \/>\n<meta property=\"og:title\" content=\"2012-KPSS Orta\u00f6\u011fretim\/\u00d6nlisans s\u0131nav\u0131 ne zaman yap\u0131lacak? -\" \/>\n<meta property=\"og:description\" content=\"&nbsp; \u00f6sym 2012-KPSS Orta\u00f6\u011fretim\/\u00d6nlisans s\u0131nav tarihinde de\u011fi\u015fiklik yapt\u0131. Buna g\u00f6re daha \u00f6nce orta \u00f6\u011fretim s\u0131nav\u0131 pazar sabah, \u00f6nlisans s\u0131nav\u0131 ise pazar \u00f6\u011fleden sonra olarak ilan edilmi\u015fti. Ancak 14.08.2012 tarihinde yap\u0131lan de\u011fi\u015fiklik ile\" \/>\n<meta property=\"og:url\" content=\"https:\/\/yenirehberlik.com\/arsiv\/2012-kpss-ortaogretimonlisans-sinavi-ne-zaman-yapilacak.html\" \/>\n<meta property=\"article:published_time\" content=\"2012-08-14T15:06:09+00:00\" \/>\n<meta name=\"author\" content=\"yenirehberlik\" \/>\n<meta name=\"twitter:card\" content=\"summary_large_image\" \/>\n<meta name=\"twitter:label1\" content=\"Yazan:\" \/>\n\t<meta name=\"twitter:data1\" content=\"yenirehberlik\" \/>\n<script type=\"application\/ld+json\" class=\"yoast-schema-graph\">{\"@context\":\"https:\\\/\\\/schema.org\",\"@graph\":[{\"@type\":\"Article\",\"@id\":\"https:\\\/\\\/yenirehberlik.com\\\/arsiv\\\/2012-kpss-ortaogretimonlisans-sinavi-ne-zaman-yapilacak.html#article\",\"isPartOf\":{\"@id\":\"https:\\\/\\\/yenirehberlik.com\\\/arsiv\\\/2012-kpss-ortaogretimonlisans-sinavi-ne-zaman-yapilacak.html\"},\"author\":{\"name\":\"yenirehberlik\",\"@id\":\"https:\\\/\\\/yenirehberlik.com\\\/arsiv\\\/#\\\/schema\\\/person\\\/8bd9eb0409887ea38d367fb33bf897af\"},\"headline\":\"2012-KPSS Orta\u00f6\u011fretim\\\/\u00d6nlisans s\u0131nav\u0131 ne zaman yap\u0131lacak?\",\"datePublished\":\"2012-08-14T15:06:09+00:00\",\"mainEntityOfPage\":{\"@id\":\"https:\\\/\\\/yenirehberlik.com\\\/arsiv\\\/2012-kpss-ortaogretimonlisans-sinavi-ne-zaman-yapilacak.html\"},\"wordCount\":78,\"commentCount\":0,\"publisher\":{\"@id\":\"https:\\\/\\\/yenirehberlik.com\\\/arsiv\\\/#\\\/schema\\\/person\\\/8bd9eb0409887ea38d367fb33bf897af\"},\"image\":{\"@id\":\"https:\\\/\\\/yenirehberlik.com\\\/arsiv\\\/2012-kpss-ortaogretimonlisans-sinavi-ne-zaman-yapilacak.html#primaryimage\"},\"thumbnailUrl\":\"\",\"keywords\":[\"\u00f6nlisans kpss\",\"orta\u00f6\u011fretim kpss\",\"\u00f6sym\"],\"inLanguage\":\"tr\",\"potentialAction\":[{\"@type\":\"CommentAction\",\"name\":\"Comment\",\"target\":[\"https:\\\/\\\/yenirehberlik.com\\\/arsiv\\\/2012-kpss-ortaogretimonlisans-sinavi-ne-zaman-yapilacak.html#respond\"]}]},{\"@type\":\"WebPage\",\"@id\":\"https:\\\/\\\/yenirehberlik.com\\\/arsiv\\\/2012-kpss-ortaogretimonlisans-sinavi-ne-zaman-yapilacak.html\",\"url\":\"https:\\\/\\\/yenirehberlik.com\\\/arsiv\\\/2012-kpss-ortaogretimonlisans-sinavi-ne-zaman-yapilacak.html\",\"name\":\"2012-KPSS Orta\u00f6\u011fretim\\\/\u00d6nlisans s\u0131nav\u0131 ne zaman yap\u0131lacak? -\",\"isPartOf\":{\"@id\":\"https:\\\/\\\/yenirehberlik.com\\\/arsiv\\\/#website\"},\"primaryImageOfPage\":{\"@id\":\"https:\\\/\\\/yenirehberlik.com\\\/arsiv\\\/2012-kpss-ortaogretimonlisans-sinavi-ne-zaman-yapilacak.html#primaryimage\"},\"image\":{\"@id\":\"https:\\\/\\\/yenirehberlik.com\\\/arsiv\\\/2012-kpss-ortaogretimonlisans-sinavi-ne-zaman-yapilacak.html#primaryimage\"},\"thumbnailUrl\":\"\",\"datePublished\":\"2012-08-14T15:06:09+00:00\",\"breadcrumb\":{\"@id\":\"https:\\\/\\\/yenirehberlik.com\\\/arsiv\\\/2012-kpss-ortaogretimonlisans-sinavi-ne-zaman-yapilacak.html#breadcrumb\"},\"inLanguage\":\"tr\",\"potentialAction\":[{\"@type\":\"ReadAction\",\"target\":[\"https:\\\/\\\/yenirehberlik.com\\\/arsiv\\\/2012-kpss-ortaogretimonlisans-sinavi-ne-zaman-yapilacak.html\"]}]},{\"@type\":\"ImageObject\",\"inLanguage\":\"tr\",\"@id\":\"https:\\\/\\\/yenirehberlik.com\\\/arsiv\\\/2012-kpss-ortaogretimonlisans-sinavi-ne-zaman-yapilacak.html#primaryimage\",\"url\":\"\",\"contentUrl\":\"\"},{\"@type\":\"BreadcrumbList\",\"@id\":\"https:\\\/\\\/yenirehberlik.com\\\/arsiv\\\/2012-kpss-ortaogretimonlisans-sinavi-ne-zaman-yapilacak.html#breadcrumb\",\"itemListElement\":[{\"@type\":\"ListItem\",\"position\":1,\"name\":\"Anasayfa\",\"item\":\"https:\\\/\\\/yenirehberlik.com\\\/arsiv\"},{\"@type\":\"ListItem\",\"position\":2,\"name\":\"2012-KPSS Orta\u00f6\u011fretim\\\/\u00d6nlisans s\u0131nav\u0131 ne zaman yap\u0131lacak?\"}]},{\"@type\":\"WebSite\",\"@id\":\"https:\\\/\\\/yenirehberlik.com\\\/arsiv\\\/#website\",\"url\":\"https:\\\/\\\/yenirehberlik.com\\\/arsiv\\\/\",\"name\":\"yenirehberlik\",\"description\":\"Bir acayip rehberlik sitesi\",\"publisher\":{\"@id\":\"https:\\\/\\\/yenirehberlik.com\\\/arsiv\\\/#\\\/schema\\\/person\\\/8bd9eb0409887ea38d367fb33bf897af\"},\"potentialAction\":[{\"@type\":\"SearchAction\",\"target\":{\"@type\":\"EntryPoint\",\"urlTemplate\":\"https:\\\/\\\/yenirehberlik.com\\\/arsiv\\\/?s={search_term_string}\"},\"query-input\":{\"@type\":\"PropertyValueSpecification\",\"valueRequired\":true,\"valueName\":\"search_term_string\"}}],\"inLanguage\":\"tr\"},{\"@type\":[\"Person\",\"Organization\"],\"@id\":\"https:\\\/\\\/yenirehberlik.com\\\/arsiv\\\/#\\\/schema\\\/person\\\/8bd9eb0409887ea38d367fb33bf897af\",\"name\":\"yenirehberlik\",\"image\":{\"@type\":\"ImageObject\",\"inLanguage\":\"tr\",\"@id\":\"https:\\\/\\\/secure.gravatar.com\\\/avatar\\\/47fadb694366c1d27501b48611121ab3d4cba2491a5b33647b6ea44172d7da40?s=96&r=g\",\"url\":\"https:\\\/\\\/secure.gravatar.com\\\/avatar\\\/47fadb694366c1d27501b48611121ab3d4cba2491a5b33647b6ea44172d7da40?s=96&r=g\",\"contentUrl\":\"https:\\\/\\\/secure.gravatar.com\\\/avatar\\\/47fadb694366c1d27501b48611121ab3d4cba2491a5b33647b6ea44172d7da40?s=96&r=g\",\"caption\":\"yenirehberlik\"},\"logo\":{\"@id\":\"https:\\\/\\\/secure.gravatar.com\\\/avatar\\\/47fadb694366c1d27501b48611121ab3d4cba2491a5b33647b6ea44172d7da40?s=96&r=g\"},\"url\":\"https:\\\/\\\/yenirehberlik.com\\\/arsiv\\\/author\\\/yenirehberlik\"}]}<\/script>\n<!-- \/ Yoast SEO plugin. -->","yoast_head_json":{"title":"2012-KPSS Orta\u00f6\u011fretim\/\u00d6nlisans s\u0131nav\u0131 ne zaman yap\u0131lacak? -","robots":{"index":"index","follow":"follow","max-snippet":"max-snippet:-1","max-image-preview":"max-image-preview:large","max-video-preview":"max-video-preview:-1"},"canonical":"https:\/\/yenirehberlik.com\/arsiv\/2012-kpss-ortaogretimonlisans-sinavi-ne-zaman-yapilacak.html","og_locale":"tr_TR","og_type":"article","og_title":"2012-KPSS Orta\u00f6\u011fretim\/\u00d6nlisans s\u0131nav\u0131 ne zaman yap\u0131lacak? -","og_description":"&nbsp; \u00f6sym 2012-KPSS Orta\u00f6\u011fretim\/\u00d6nlisans s\u0131nav tarihinde de\u011fi\u015fiklik yapt\u0131. Buna g\u00f6re daha \u00f6nce orta \u00f6\u011fretim s\u0131nav\u0131 pazar sabah, \u00f6nlisans s\u0131nav\u0131 ise pazar \u00f6\u011fleden sonra olarak ilan edilmi\u015fti. Ancak 14.08.2012 tarihinde yap\u0131lan de\u011fi\u015fiklik ile","og_url":"https:\/\/yenirehberlik.com\/arsiv\/2012-kpss-ortaogretimonlisans-sinavi-ne-zaman-yapilacak.html","article_published_time":"2012-08-14T15:06:09+00:00","author":"yenirehberlik","twitter_card":"summary_large_image","twitter_misc":{"Yazan:":"yenirehberlik"},"schema":{"@context":"https:\/\/schema.org","@graph":[{"@type":"Article","@id":"https:\/\/yenirehberlik.com\/arsiv\/2012-kpss-ortaogretimonlisans-sinavi-ne-zaman-yapilacak.html#article","isPartOf":{"@id":"https:\/\/yenirehberlik.com\/arsiv\/2012-kpss-ortaogretimonlisans-sinavi-ne-zaman-yapilacak.html"},"author":{"name":"yenirehberlik","@id":"https:\/\/yenirehberlik.com\/arsiv\/#\/schema\/person\/8bd9eb0409887ea38d367fb33bf897af"},"headline":"2012-KPSS Orta\u00f6\u011fretim\/\u00d6nlisans s\u0131nav\u0131 ne zaman yap\u0131lacak?","datePublished":"2012-08-14T15:06:09+00:00","mainEntityOfPage":{"@id":"https:\/\/yenirehberlik.com\/arsiv\/2012-kpss-ortaogretimonlisans-sinavi-ne-zaman-yapilacak.html"},"wordCount":78,"commentCount":0,"publisher":{"@id":"https:\/\/yenirehberlik.com\/arsiv\/#\/schema\/person\/8bd9eb0409887ea38d367fb33bf897af"},"image":{"@id":"https:\/\/yenirehberlik.com\/arsiv\/2012-kpss-ortaogretimonlisans-sinavi-ne-zaman-yapilacak.html#primaryimage"},"thumbnailUrl":"","keywords":["\u00f6nlisans kpss","orta\u00f6\u011fretim kpss","\u00f6sym"],"inLanguage":"tr","potentialAction":[{"@type":"CommentAction","name":"Comment","target":["https:\/\/yenirehberlik.com\/arsiv\/2012-kpss-ortaogretimonlisans-sinavi-ne-zaman-yapilacak.html#respond"]}]},{"@type":"WebPage","@id":"https:\/\/yenirehberlik.com\/arsiv\/2012-kpss-ortaogretimonlisans-sinavi-ne-zaman-yapilacak.html","url":"https:\/\/yenirehberlik.com\/arsiv\/2012-kpss-ortaogretimonlisans-sinavi-ne-zaman-yapilacak.html","name":"2012-KPSS Orta\u00f6\u011fretim\/\u00d6nlisans s\u0131nav\u0131 ne zaman yap\u0131lacak? -","isPartOf":{"@id":"https:\/\/yenirehberlik.com\/arsiv\/#website"},"primaryImageOfPage":{"@id":"https:\/\/yenirehberlik.com\/arsiv\/2012-kpss-ortaogretimonlisans-sinavi-ne-zaman-yapilacak.html#primaryimage"},"image":{"@id":"https:\/\/yenirehberlik.com\/arsiv\/2012-kpss-ortaogretimonlisans-sinavi-ne-zaman-yapilacak.html#primaryimage"},"thumbnailUrl":"","datePublished":"2012-08-14T15:06:09+00:00","breadcrumb":{"@id":"https:\/\/yenirehberlik.com\/arsiv\/2012-kpss-ortaogretimonlisans-sinavi-ne-zaman-yapilacak.html#breadcrumb"},"inLanguage":"tr","potentialAction":[{"@type":"ReadAction","target":["https:\/\/yenirehberlik.com\/arsiv\/2012-kpss-ortaogretimonlisans-sinavi-ne-zaman-yapilacak.html"]}]},{"@type":"ImageObject","inLanguage":"tr","@id":"https:\/\/yenirehberlik.com\/arsiv\/2012-kpss-ortaogretimonlisans-sinavi-ne-zaman-yapilacak.html#primaryimage","url":"","contentUrl":""},{"@type":"BreadcrumbList","@id":"https:\/\/yenirehberlik.com\/arsiv\/2012-kpss-ortaogretimonlisans-sinavi-ne-zaman-yapilacak.html#breadcrumb","itemListElement":[{"@type":"ListItem","position":1,"name":"Anasayfa","item":"https:\/\/yenirehberlik.com\/arsiv"},{"@type":"ListItem","position":2,"name":"2012-KPSS Orta\u00f6\u011fretim\/\u00d6nlisans s\u0131nav\u0131 ne zaman yap\u0131lacak?"}]},{"@type":"WebSite","@id":"https:\/\/yenirehberlik.com\/arsiv\/#website","url":"https:\/\/yenirehberlik.com\/arsiv\/","name":"yenirehberlik","description":"Bir acayip rehberlik sitesi","publisher":{"@id":"https:\/\/yenirehberlik.com\/arsiv\/#\/schema\/person\/8bd9eb0409887ea38d367fb33bf897af"},"potentialAction":[{"@type":"SearchAction","target":{"@type":"EntryPoint","urlTemplate":"https:\/\/yenirehberlik.com\/arsiv\/?s={search_term_string}"},"query-input":{"@type":"PropertyValueSpecification","valueRequired":true,"valueName":"search_term_string"}}],"inLanguage":"tr"},{"@type":["Person","Organization"],"@id":"https:\/\/yenirehberlik.com\/arsiv\/#\/schema\/person\/8bd9eb0409887ea38d367fb33bf897af","name":"yenirehberlik","image":{"@type":"ImageObject","inLanguage":"tr","@id":"https:\/\/secure.gravatar.com\/avatar\/47fadb694366c1d27501b48611121ab3d4cba2491a5b33647b6ea44172d7da40?s=96&r=g","url":"https:\/\/secure.gravatar.com\/avatar\/47fadb694366c1d27501b48611121ab3d4cba2491a5b33647b6ea44172d7da40?s=96&r=g","contentUrl":"https:\/\/secure.gravatar.com\/avatar\/47fadb694366c1d27501b48611121ab3d4cba2491a5b33647b6ea44172d7da40?s=96&r=g","caption":"yenirehberlik"},"logo":{"@id":"https:\/\/secure.gravatar.com\/avatar\/47fadb694366c1d27501b48611121ab3d4cba2491a5b33647b6ea44172d7da40?s=96&r=g"},"url":"https:\/\/yenirehberlik.com\/arsiv\/author\/yenirehberlik"}]}},"_links":{"self":[{"href":"https:\/\/yenirehberlik.com\/arsiv\/wp-json\/wp\/v2\/posts\/935","targetHints":{"allow":["GET"]}}],"collection":[{"href":"https:\/\/yenirehberlik.com\/arsiv\/wp-json\/wp\/v2\/posts"}],"about":[{"href":"https:\/\/yenirehberlik.com\/arsiv\/wp-json\/wp\/v2\/types\/post"}],"author":[{"embeddable":true,"href":"https:\/\/yenirehberlik.com\/arsiv\/wp-json\/wp\/v2\/users\/1"}],"replies":[{"embeddable":true,"href":"https:\/\/yenirehberlik.com\/arsiv\/wp-json\/wp\/v2\/comments?post=935"}],"version-history":[{"count":0,"href":"https:\/\/yenirehberlik.com\/arsiv\/wp-json\/wp\/v2\/posts\/935\/revisions"}],"wp:featuredmedia":[{"embeddable":true,"href":"https:\/\/yenirehberlik.com\/arsiv\/wp-json\/wp\/v2\/media\/135"}],"wp:attachment":[{"href":"https:\/\/yenirehberlik.com\/arsiv\/wp-json\/wp\/v2\/media?parent=935"}],"wp:term":[{"taxonomy":"category","embeddable":true,"href":"https:\/\/yenirehberlik.com\/arsiv\/wp-json\/wp\/v2\/categories?post=935"},{"taxonomy":"post_tag","embeddable":true,"href":"https:\/\/yenirehberlik.com\/arsiv\/wp-json\/wp\/v2\/tags?post=935"}],"curies":[{"name":"wp","href":"https:\/\/api.w.org\/{rel}","templated":true}]}}